{"@context":"https:\/\/schema.org\/","@type":"CollectionPage","@id":"https:\/\/www.klapp.cz\/zahrada-a-dum\/#CollectionPage","headline":"Zahrada a d\u016fm Category","description":"","url":"https:\/\/www.klapp.cz\/zahrada-a-dum\/","hasPart":[{"@type":"Article","@id":"https:\/\/www.klapp.cz\/vlastni-bydleni-v-mobilnim-dome\/","headline":"Vlastn\u00ed bydlen\u00ed v mobiln\u00edm dom\u011b","url":"https:\/\/www.klapp.cz\/vlastni-bydleni-v-mobilnim-dome\/","datePublished":"2021-05-14","dateModified":"2023-05-26","mainEntityOfPage":"https:\/\/www.klapp.cz\/vlastni-bydleni-v-mobilnim-dome\/","author":{"@type":"Person","@id":"https:\/\/www.klapp.cz\/author\/#Person","name":"","url":"https:\/\/www.klapp.cz\/author\/","identifier":1,"image":{"@type":"ImageObject","@id":"https:\/\/secure.gravatar.com\/avatar\/9478c3014fb8763e2a18691ad6bf83eff86429738afad80df8227ac472865e36?s=96&d=mm&r=g","url":"https:\/\/secure.gravatar.com\/avatar\/9478c3014fb8763e2a18691ad6bf83eff86429738afad80df8227ac472865e36?s=96&d=mm&r=g","height":96,"width":96}},"publisher":{"@type":"Organization","name":"klapp.cz","logo":{"@type":"ImageObject","@id":"\/logo.png","url":"\/logo.png","width":600,"height":60}},"image":{"@type":"ImageObject","@id":"https:\/\/www.klapp.cz\/wp-content\/uploads\/%C5%BEena%20notebook_5.jpeg","url":"https:\/\/www.klapp.cz\/wp-content\/uploads\/%C5%BEena%20notebook_5.jpeg","height":0,"width":0},"keywords":null},{"@type":"Article","@id":"https:\/\/www.klapp.cz\/jak-se-zije-v-zimnim-obdobi-v-mobilni-drevostavbe\/","headline":"Jak se \u017eije v zimn\u00edm obdob\u00ed v mobiln\u00ed d\u0159evostavb\u011b","url":"https:\/\/www.klapp.cz\/jak-se-zije-v-zimnim-obdobi-v-mobilni-drevostavbe\/","datePublished":"2021-02-16","dateModified":"2023-05-26","mainEntityOfPage":"https:\/\/www.klapp.cz\/jak-se-zije-v-zimnim-obdobi-v-mobilni-drevostavbe\/","author":{"@type":"Person","@id":"https:\/\/www.klapp.cz\/author\/#Person","name":"","url":"https:\/\/www.klapp.cz\/author\/","identifier":1,"image":{"@type":"ImageObject","@id":"https:\/\/secure.gravatar.com\/avatar\/9478c3014fb8763e2a18691ad6bf83eff86429738afad80df8227ac472865e36?s=96&d=mm&r=g","url":"https:\/\/secure.gravatar.com\/avatar\/9478c3014fb8763e2a18691ad6bf83eff86429738afad80df8227ac472865e36?s=96&d=mm&r=g","height":96,"width":96}},"publisher":{"@type":"Organization","name":"klapp.cz","logo":{"@type":"ImageObject","@id":"\/logo.png","url":"\/logo.png","width":600,"height":60}},"image":{"@type":"ImageObject","@id":"https:\/\/www.klapp.cz\/wp-content\/uploads\/ko%C4%8Dka%20na%20z%C3%A1pra%C5%BE%C3%AD.jpg","url":"https:\/\/www.klapp.cz\/wp-content\/uploads\/ko%C4%8Dka%20na%20z%C3%A1pra%C5%BE%C3%AD.jpg","height":0,"width":0},"keywords":null},{"@type":"Article","@id":"https:\/\/www.klapp.cz\/ozivte-starou-kuchyn-pomoci-drobnych-detailu\/","headline":"O\u017eivte starou kuchy\u0148 pomoc\u00ed drobn\u00fdch detail\u016f","url":"https:\/\/www.klapp.cz\/ozivte-starou-kuchyn-pomoci-drobnych-detailu\/","datePublished":"2020-07-12","dateModified":"2023-05-26","mainEntityOfPage":"https:\/\/www.klapp.cz\/ozivte-starou-kuchyn-pomoci-drobnych-detailu\/","author":{"@type":"Person","@id":"https:\/\/www.klapp.cz\/author\/#Person","name":"","url":"https:\/\/www.klapp.cz\/author\/","identifier":1,"image":{"@type":"ImageObject","@id":"https:\/\/secure.gravatar.com\/avatar\/9478c3014fb8763e2a18691ad6bf83eff86429738afad80df8227ac472865e36?s=96&d=mm&r=g","url":"https:\/\/secure.gravatar.com\/avatar\/9478c3014fb8763e2a18691ad6bf83eff86429738afad80df8227ac472865e36?s=96&d=mm&r=g","height":96,"width":96}},"publisher":{"@type":"Organization","name":"klapp.cz","logo":{"@type":"ImageObject","@id":"\/logo.png","url":"\/logo.png","width":600,"height":60}},"image":{"@type":"ImageObject","@id":"https:\/\/www.klapp.cz\/wp-content\/uploads\/Kuchyn%C4%9B%20origin%C3%A1ln%C3%AD%20tapeta.jpg","url":"https:\/\/www.klapp.cz\/wp-content\/uploads\/Kuchyn%C4%9B%20origin%C3%A1ln%C3%AD%20tapeta.jpg","height":0,"width":0},"keywords":null},{"@type":"Article","@id":"https:\/\/www.klapp.cz\/lecivky-s-nezamenitelnym-aroma-pro-mlsne-jazycky\/","headline":"L\u00e9\u010divky s nezam\u011bniteln\u00fdm aroma pro mlsn\u00e9 jaz\u00fd\u010dky","url":"https:\/\/www.klapp.cz\/lecivky-s-nezamenitelnym-aroma-pro-mlsne-jazycky\/","datePublished":"2020-01-14","dateModified":"2023-05-26","mainEntityOfPage":"https:\/\/www.klapp.cz\/lecivky-s-nezamenitelnym-aroma-pro-mlsne-jazycky\/","author":{"@type":"Person","@id":"https:\/\/www.klapp.cz\/author\/#Person","name":"","url":"https:\/\/www.klapp.cz\/author\/","identifier":1,"image":{"@type":"ImageObject","@id":"https:\/\/secure.gravatar.com\/avatar\/9478c3014fb8763e2a18691ad6bf83eff86429738afad80df8227ac472865e36?s=96&d=mm&r=g","url":"https:\/\/secure.gravatar.com\/avatar\/9478c3014fb8763e2a18691ad6bf83eff86429738afad80df8227ac472865e36?s=96&d=mm&r=g","height":96,"width":96}},"publisher":{"@type":"Organization","name":"klapp.cz","logo":{"@type":"ImageObject","@id":"\/logo.png","url":"\/logo.png","width":600,"height":60}},"image":{"@type":"ImageObject","@id":"https:\/\/www.klapp.cz\/wp-content\/uploads\/img_a367641_w4426_t1580122409.jpg","url":"https:\/\/www.klapp.cz\/wp-content\/uploads\/img_a367641_w4426_t1580122409.jpg","height":0,"width":0},"keywords":null},{"@type":"Article","@id":"https:\/\/www.klapp.cz\/zahrada-jako-zdroj-potravy-i-krasy\/","headline":"Zahrada jako zdroj potravy i kr\u00e1sy","url":"https:\/\/www.klapp.cz\/zahrada-jako-zdroj-potravy-i-krasy\/","datePublished":"2019-11-14","dateModified":"2023-05-26","mainEntityOfPage":"https:\/\/www.klapp.cz\/zahrada-jako-zdroj-potravy-i-krasy\/","author":{"@type":"Person","@id":"https:\/\/www.klapp.cz\/author\/#Person","name":"","url":"https:\/\/www.klapp.cz\/author\/","identifier":1,"image":{"@type":"ImageObject","@id":"https:\/\/secure.gravatar.com\/avatar\/9478c3014fb8763e2a18691ad6bf83eff86429738afad80df8227ac472865e36?s=96&d=mm&r=g","url":"https:\/\/secure.gravatar.com\/avatar\/9478c3014fb8763e2a18691ad6bf83eff86429738afad80df8227ac472865e36?s=96&d=mm&r=g","height":96,"width":96}},"publisher":{"@type":"Organization","name":"klapp.cz","logo":{"@type":"ImageObject","@id":"\/logo.png","url":"\/logo.png","width":600,"height":60}},"image":{"@type":"ImageObject","@id":"https:\/\/www.klapp.cz\/wp-content\/uploads\/img_a361015_w3668_t1574522430.jpg","url":"https:\/\/www.klapp.cz\/wp-content\/uploads\/img_a361015_w3668_t1574522430.jpg","height":0,"width":0},"keywords":null},{"@type":"Article","@id":"https:\/\/www.klapp.cz\/zakladame-bylinkovou-zahradku\/","headline":"Zakl\u00e1d\u00e1me bylinkovou zahr\u00e1dku","url":"https:\/\/www.klapp.cz\/zakladame-bylinkovou-zahradku\/","datePublished":"2019-09-02","dateModified":"2023-05-26","mainEntityOfPage":"https:\/\/www.klapp.cz\/zakladame-bylinkovou-zahradku\/","author":{"@type":"Person","@id":"https:\/\/www.klapp.cz\/author\/#Person","name":"","url":"https:\/\/www.klapp.cz\/author\/","identifier":1,"image":{"@type":"ImageObject","@id":"https:\/\/secure.gravatar.com\/avatar\/9478c3014fb8763e2a18691ad6bf83eff86429738afad80df8227ac472865e36?s=96&d=mm&r=g","url":"https:\/\/secure.gravatar.com\/avatar\/9478c3014fb8763e2a18691ad6bf83eff86429738afad80df8227ac472865e36?s=96&d=mm&r=g","height":96,"width":96}},"publisher":{"@type":"Organization","name":"klapp.cz","logo":{"@type":"ImageObject","@id":"\/logo.png","url":"\/logo.png","width":600,"height":60}},"image":{"@type":"ImageObject","@id":"https:\/\/www.klapp.cz\/wp-content\/uploads\/img_a354843_w3668_t1569340058.jpg","url":"https:\/\/www.klapp.cz\/wp-content\/uploads\/img_a354843_w3668_t1569340058.jpg","height":0,"width":0},"keywords":null},{"@type":"Article","@id":"https:\/\/www.klapp.cz\/jake-zastreseni-na-zahradu\/","headline":"Jak\u00e9 zast\u0159e\u0161en\u00ed na zahradu","url":"https:\/\/www.klapp.cz\/jake-zastreseni-na-zahradu\/","datePublished":"2019-08-26","dateModified":"2023-05-26","mainEntityOfPage":"https:\/\/www.klapp.cz\/jake-zastreseni-na-zahradu\/","author":{"@type":"Person","@id":"https:\/\/www.klapp.cz\/author\/#Person","name":"","url":"https:\/\/www.klapp.cz\/author\/","identifier":1,"image":{"@type":"ImageObject","@id":"https:\/\/secure.gravatar.com\/avatar\/9478c3014fb8763e2a18691ad6bf83eff86429738afad80df8227ac472865e36?s=96&d=mm&r=g","url":"https:\/\/secure.gravatar.com\/avatar\/9478c3014fb8763e2a18691ad6bf83eff86429738afad80df8227ac472865e36?s=96&d=mm&r=g","height":96,"width":96}},"publisher":{"@type":"Organization","name":"klapp.cz","logo":{"@type":"ImageObject","@id":"\/logo.png","url":"\/logo.png","width":600,"height":60}},"image":{"@type":"ImageObject","@id":"https:\/\/www.klapp.cz\/wp-content\/uploads\/img_a353048_w3668_t1567279986.jpg","url":"https:\/\/www.klapp.cz\/wp-content\/uploads\/img_a353048_w3668_t1567279986.jpg","height":0,"width":0},"keywords":null},{"@type":"Article","@id":"https:\/\/www.klapp.cz\/idealni-venkovni-posezeni\/","headline":"Ide\u00e1ln\u00ed venkovn\u00ed posezen\u00ed","url":"https:\/\/www.klapp.cz\/idealni-venkovni-posezeni\/","datePublished":"2017-05-02","dateModified":"2023-05-26","mainEntityOfPage":"https:\/\/www.klapp.cz\/idealni-venkovni-posezeni\/","author":{"@type":"Person","@id":"https:\/\/www.klapp.cz\/author\/#Person","name":"","url":"https:\/\/www.klapp.cz\/author\/","identifier":1,"image":{"@type":"ImageObject","@id":"https:\/\/secure.gravatar.com\/avatar\/9478c3014fb8763e2a18691ad6bf83eff86429738afad80df8227ac472865e36?s=96&d=mm&r=g","url":"https:\/\/secure.gravatar.com\/avatar\/9478c3014fb8763e2a18691ad6bf83eff86429738afad80df8227ac472865e36?s=96&d=mm&r=g","height":96,"width":96}},"publisher":{"@type":"Organization","name":"klapp.cz","logo":{"@type":"ImageObject","@id":"\/logo.png","url":"\/logo.png","width":600,"height":60}},"image":{"@type":"ImageObject","@id":"https:\/\/www.klapp.cz\/wp-content\/uploads\/img_a288648_w1765_t1499591066.jpg","url":"https:\/\/www.klapp.cz\/wp-content\/uploads\/img_a288648_w1765_t1499591066.jpg","height":0,"width":0},"keywords":null}]}