[{"@context":"https:\/\/schema.org\/","@type":"Article","@id":"https:\/\/www.klapp.cz\/starostlivo-vyberajte\/#Article","mainEntityOfPage":"https:\/\/www.klapp.cz\/starostlivo-vyberajte\/","headline":"Starostlivo vyberajte","name":"Starostlivo vyberajte","description":"K\u00fapa detsk\u00e9ho ko\u010d\u00edka patr\u00ed k najv\u00e4\u010d\u0161\u00edm v\u00fddavkom, ktor\u00e9 rodi\u010dov \u010dakaj\u00fa, ke\u010f \u010dakaj\u00fa b\u00e1b\u00e4tko. O\u010dak\u00e1vate komfort, bezpe\u010die a \u017ee nebude obsahova\u0165 \u017eiadne zdraviu \u0161kodliv\u00e9 l\u00e1tky. V\u00e4\u010d\u0161inou &hellip; ","datePublished":"2024-11-29","dateModified":"2024-11-29","author":{"@type":"Person","@id":"https:\/\/www.klapp.cz\/author\/#Person","name":"","url":"https:\/\/www.klapp.cz\/author\/","identifier":1,"image":{"@type":"ImageObject","@id":"https:\/\/secure.gravatar.com\/avatar\/9478c3014fb8763e2a18691ad6bf83eff86429738afad80df8227ac472865e36?s=96&d=mm&r=g","url":"https:\/\/secure.gravatar.com\/avatar\/9478c3014fb8763e2a18691ad6bf83eff86429738afad80df8227ac472865e36?s=96&d=mm&r=g","height":96,"width":96}},"publisher":{"@type":"Organization","name":"klapp.cz","logo":{"@type":"ImageObject","@id":"\/logo.png","url":"\/logo.png","width":600,"height":60}},"url":"https:\/\/www.klapp.cz\/starostlivo-vyberajte\/","wordCount":249,"articleBody":" K\u00fapa detsk\u00e9ho ko\u010d\u00edka patr\u00ed k najv\u00e4\u010d\u0161\u00edm v\u00fddavkom, ktor\u00e9 rodi\u010dov \u010dakaj\u00fa, ke\u010f \u010dakaj\u00fa b\u00e1b\u00e4tko. O\u010dak\u00e1vate komfort, bezpe\u010die a \u017ee nebude obsahova\u0165 \u017eiadne zdraviu \u0161kodliv\u00e9 l\u00e1tky. V\u00e4\u010d\u0161inou si chceme k\u00fapi\u0165 univerz\u00e1lne vozidlo, ktor\u00e9 bude ma\u0165 hlbok\u00fa korbu, \u0161portov\u00fa verziu a budeme sem m\u00f4c\u0165 stavi\u0165 aj vaj\u00ed\u010dko s die\u0165atkom, ke\u010f je vytiahneme z auta. Rozhodne nechceme \u017eiadny ve\u013ek\u00fd kolos, ktor\u00fd by bol \u0165a\u017ek\u00fd, preto\u017ee mami\u010dka je v\u00e4\u010d\u0161inu d\u0148a s mali\u010dk\u00fdm sama a mus\u00ed si vedie\u0165 poradi\u0165, ke\u010f ho chce vyviez\u0165 na prech\u00e1dzku alebo \u00eds\u0165 hromadnou dopravou. Rozhodne sa nem\u00f4\u017eete spolieha\u0165 na to, \u017ee by v\u00e1m chcel niekto pom\u00f4c\u0165. Ak navy\u0161e b\u00fdvate v byte, kde nie je v\u00fd\u0165ah a potrebujete ho znies\u0165 zo schodov, tak mus\u00ed by\u0165 od\u013eah\u010den\u00fd a dobre zlo\u017eite\u013en\u00fd. V\u010dera a dnes Sk\u00f4r na\u0161e mami\u010dky a babi\u010dky deti pren\u00e1\u0161ali v\u0161elijako, v n\u00e1ru\u010d\u00ed, v no\u0161i alebo ko\u0161i na bielize\u0148. Postupne sa ich transport zdokona\u013eoval. Vznikali nosidl\u00e1, ktor\u00e9 pripom\u00ednali u\u017e tro\u0161ku ko\u010d\u00edky. S\u00fa\u010dasn\u00e1 ponuka je ve\u013emi \u0161irok\u00e1 a vybra\u0165 ten spr\u00e1vny je niekedy ve\u013emi ne\u013eahk\u00e1 \u00faloha. Z\u00e1le\u017e\u00ed ve\u013ea aj na mieste bydliska a va\u0161ich po\u017eiadavk\u00e1ch. Predsa len budete ho potrebova\u0165 minim\u00e1lne prv\u00e9 dva roky \u017eivota v\u00e1\u0161ho drob\u010deka.                                                                                                                                                                                                                                                                                                                                                                                        4.3\/5 - (3 votes)        "},{"@context":"https:\/\/schema.org\/","@type":"BreadcrumbList","itemListElement":[{"@type":"ListItem","position":1,"name":"Starostlivo vyberajte","item":"https:\/\/www.klapp.cz\/starostlivo-vyberajte\/#breadcrumbitem"}]}]