[{"@context":"https:\/\/schema.org\/","@type":"Article","@id":"https:\/\/www.klapp.cz\/pro-vase-prijemne-bydleni\/#Article","mainEntityOfPage":"https:\/\/www.klapp.cz\/pro-vase-prijemne-bydleni\/","headline":"Pro va\u0161e p\u0159\u00edjemn\u00e9 bydlen\u00ed","name":"Pro va\u0161e p\u0159\u00edjemn\u00e9 bydlen\u00ed","description":"Velice p\u0159\u00edjemnou z\u00e1le\u017eitost\u00ed je za\u0159izov\u00e1n\u00ed vlastn\u00edho bydlen\u00ed. Mo\u017en\u00e1 jste si zrovna koupili byt, postavili d\u016fm nebo zrekonstruovali bydlen\u00ed po p\u0159\u00edbuzn\u00fdch. M\u00e1te u\u017e podlahy, okna, tak\u017ee &hellip; ","datePublished":"2023-11-14","dateModified":"2023-11-14","author":{"@type":"Person","@id":"https:\/\/www.klapp.cz\/author\/#Person","name":"","url":"https:\/\/www.klapp.cz\/author\/","identifier":1,"image":{"@type":"ImageObject","@id":"https:\/\/secure.gravatar.com\/avatar\/9478c3014fb8763e2a18691ad6bf83eff86429738afad80df8227ac472865e36?s=96&d=mm&r=g","url":"https:\/\/secure.gravatar.com\/avatar\/9478c3014fb8763e2a18691ad6bf83eff86429738afad80df8227ac472865e36?s=96&d=mm&r=g","height":96,"width":96}},"publisher":{"@type":"Organization","name":"klapp.cz","logo":{"@type":"ImageObject","@id":"\/logo.png","url":"\/logo.png","width":600,"height":60}},"url":"https:\/\/www.klapp.cz\/pro-vase-prijemne-bydleni\/","wordCount":224,"articleBody":"Velice p\u0159\u00edjemnou z\u00e1le\u017eitost\u00ed je za\u0159izov\u00e1n\u00ed vlastn\u00edho bydlen\u00ed. Mo\u017en\u00e1 jste si zrovna koupili byt, postavili d\u016fm nebo zrekonstruovali bydlen\u00ed po p\u0159\u00edbuzn\u00fdch. M\u00e1te u\u017e podlahy, okna, tak\u017ee te\u010f u\u017e se jen zam\u011b\u0159it na kone\u010dn\u00e9 detaily. Pokud jde o odd\u011blen\u00ed jednotliv\u00fdch m\u00edstnost\u00ed, tak interi\u00e9rov\u00e9 dve\u0159e Kutn\u00e1 Hora budou p\u0159esn\u011b to, co si p\u0159edstavujete. U\u017e jen proto, \u017ee jde o \u010deskou v\u00fdrobu a rozs\u00e1hl\u00e9 mo\u017enosti v\u00fdb\u011bru. Pokud m\u00e1te jinou p\u0159edstavu, m\u016f\u017eete si je p\u0159\u00edmo nechat vyrobit a v\u00e1\u0161 domov bude do detail\u016f tak, jak jste si jej vysnili.Hlavn\u00ed detail va\u0161eho bytuJsou v\u00fdrazn\u00e9 detaily va\u0161eho bydlen\u00ed, a jestli si mysl\u00edte, \u017ee je to n\u00e1bytek, tak jste na omylu. T\u00edm, co d\u011bl\u00e1 celkov\u00fd dojem, jsou podlahy a te\u010f i interi\u00e9rov\u00e9 dve\u0159e Kutn\u00e1 Hora. Proto je d\u016fle\u017eit\u00fd pe\u010dliv\u00fd v\u00fdb\u011br, aby skv\u011ble dotvo\u0159ili design. Ud\u011blaj\u00ed celistv\u00fd vzhled domova, kter\u00fd nebude nic naru\u0161ovat. Modern\u00ed, zaj\u00edmav\u00e9 a snadno kombinovateln\u00e9. P\u0159esn\u011b takov\u00e9 jsou a v\u011b\u0159te, \u017ee jste si vybrali to nejlep\u0161\u00ed, co jen \u0161lo. Nenechte si diktovat, jak bude v\u00e1\u0161 byt vypadat. Ur\u010dujte si podm\u00ednky podle fantazie vy.                                                                                                                                                                                                                                                                                                                                                                                        4.6\/5 - (7 votes)        "},{"@context":"https:\/\/schema.org\/","@type":"BreadcrumbList","itemListElement":[{"@type":"ListItem","position":1,"name":"Pro va\u0161e p\u0159\u00edjemn\u00e9 bydlen\u00ed","item":"https:\/\/www.klapp.cz\/pro-vase-prijemne-bydleni\/#breadcrumbitem"}]}]