[{"@context":"https:\/\/schema.org\/","@type":"Blog","@id":"https:\/\/www.klapp.cz#Blog","headline":"Klapp","description":"\nZeptejte se kohokoliv, nechal-li se n\u011bkdy na internetu n\u011bk\u00fdm nap\u00e1lit. I kdy\u017e odpov\u00ed, \u017ee ano, zaru\u010den\u011b v\u00e1m ne\u0159ekne, \u017ee by se mu to stalo tady na na\u0161em webu.","url":"https:\/\/www.klapp.cz","hasPart":[{"@type":"Article","@id":"https:\/\/www.klapp.cz\/proc-bychom-ji-meli-pit\/","headline":"Pro\u010d bychom ji m\u011bli p\u00edt?","url":"https:\/\/www.klapp.cz\/proc-bychom-ji-meli-pit\/","datePublished":"2025-09-04","dateModified":"2025-09-04","mainEntityOfPage":"https:\/\/www.klapp.cz\/proc-bychom-ji-meli-pit\/","author":{"@type":"Person","@id":"https:\/\/www.klapp.cz\/author\/#Person","name":"","url":"https:\/\/www.klapp.cz\/author\/","identifier":1,"image":{"@type":"ImageObject","@id":"https:\/\/secure.gravatar.com\/avatar\/9478c3014fb8763e2a18691ad6bf83eff86429738afad80df8227ac472865e36?s=96&d=mm&r=g","url":"https:\/\/secure.gravatar.com\/avatar\/9478c3014fb8763e2a18691ad6bf83eff86429738afad80df8227ac472865e36?s=96&d=mm&r=g","height":96,"width":96}},"publisher":{"@type":"Organization","name":"klapp.cz","logo":{"@type":"ImageObject","@id":"\/logo.png","url":"\/logo.png","width":600,"height":60}},"image":null,"wordCount":234,"keywords":null},{"@type":"Article","@id":"https:\/\/www.klapp.cz\/vyzkousejte-overene-zpusoby-jak-zhubnout\/","headline":"Vyzkou\u0161ejte ov\u011b\u0159en\u00e9 zp\u016fsoby, jak zhubnout","url":"https:\/\/www.klapp.cz\/vyzkousejte-overene-zpusoby-jak-zhubnout\/","datePublished":"2025-08-23","dateModified":"2025-08-23","mainEntityOfPage":"https:\/\/www.klapp.cz\/vyzkousejte-overene-zpusoby-jak-zhubnout\/","author":{"@type":"Person","@id":"https:\/\/www.klapp.cz\/author\/#Person","name":"","url":"https:\/\/www.klapp.cz\/author\/","identifier":1,"image":{"@type":"ImageObject","@id":"https:\/\/secure.gravatar.com\/avatar\/9478c3014fb8763e2a18691ad6bf83eff86429738afad80df8227ac472865e36?s=96&d=mm&r=g","url":"https:\/\/secure.gravatar.com\/avatar\/9478c3014fb8763e2a18691ad6bf83eff86429738afad80df8227ac472865e36?s=96&d=mm&r=g","height":96,"width":96}},"publisher":{"@type":"Organization","name":"klapp.cz","logo":{"@type":"ImageObject","@id":"\/logo.png","url":"\/logo.png","width":600,"height":60}},"image":null,"wordCount":218,"keywords":null},{"@type":"Article","@id":"https:\/\/www.klapp.cz\/kdyz-skladovemu-prostoru-neco-chybi\/","headline":"Kdy\u017e skladov\u00e9mu prostoru n\u011bco chyb\u00ed","url":"https:\/\/www.klapp.cz\/kdyz-skladovemu-prostoru-neco-chybi\/","datePublished":"2025-08-16","dateModified":"2025-08-16","mainEntityOfPage":"https:\/\/www.klapp.cz\/kdyz-skladovemu-prostoru-neco-chybi\/","author":{"@type":"Person","@id":"https:\/\/www.klapp.cz\/author\/#Person","name":"","url":"https:\/\/www.klapp.cz\/author\/","identifier":1,"image":{"@type":"ImageObject","@id":"https:\/\/secure.gravatar.com\/avatar\/9478c3014fb8763e2a18691ad6bf83eff86429738afad80df8227ac472865e36?s=96&d=mm&r=g","url":"https:\/\/secure.gravatar.com\/avatar\/9478c3014fb8763e2a18691ad6bf83eff86429738afad80df8227ac472865e36?s=96&d=mm&r=g","height":96,"width":96}},"publisher":{"@type":"Organization","name":"klapp.cz","logo":{"@type":"ImageObject","@id":"\/logo.png","url":"\/logo.png","width":600,"height":60}},"image":null,"wordCount":210,"keywords":null},{"@type":"Article","@id":"https:\/\/www.klapp.cz\/kdyz-je-venku-posmourno\/","headline":"Kdy\u017e je venku po\u0161mourno","url":"https:\/\/www.klapp.cz\/kdyz-je-venku-posmourno\/","datePublished":"2025-08-12","dateModified":"2025-08-12","mainEntityOfPage":"https:\/\/www.klapp.cz\/kdyz-je-venku-posmourno\/","author":{"@type":"Person","@id":"https:\/\/www.klapp.cz\/author\/#Person","name":"","url":"https:\/\/www.klapp.cz\/author\/","identifier":1,"image":{"@type":"ImageObject","@id":"https:\/\/secure.gravatar.com\/avatar\/9478c3014fb8763e2a18691ad6bf83eff86429738afad80df8227ac472865e36?s=96&d=mm&r=g","url":"https:\/\/secure.gravatar.com\/avatar\/9478c3014fb8763e2a18691ad6bf83eff86429738afad80df8227ac472865e36?s=96&d=mm&r=g","height":96,"width":96}},"publisher":{"@type":"Organization","name":"klapp.cz","logo":{"@type":"ImageObject","@id":"\/logo.png","url":"\/logo.png","width":600,"height":60}},"image":null,"wordCount":206,"keywords":null},{"@type":"Article","@id":"https:\/\/www.klapp.cz\/skolni-vylety-pro-zaky-i-studenty\/","headline":"\u0160koln\u00ed v\u00fdlety pro \u017e\u00e1ky i studenty","url":"https:\/\/www.klapp.cz\/skolni-vylety-pro-zaky-i-studenty\/","datePublished":"2025-08-09","dateModified":"2025-08-09","mainEntityOfPage":"https:\/\/www.klapp.cz\/skolni-vylety-pro-zaky-i-studenty\/","author":{"@type":"Person","@id":"https:\/\/www.klapp.cz\/author\/#Person","name":"","url":"https:\/\/www.klapp.cz\/author\/","identifier":1,"image":{"@type":"ImageObject","@id":"https:\/\/secure.gravatar.com\/avatar\/9478c3014fb8763e2a18691ad6bf83eff86429738afad80df8227ac472865e36?s=96&d=mm&r=g","url":"https:\/\/secure.gravatar.com\/avatar\/9478c3014fb8763e2a18691ad6bf83eff86429738afad80df8227ac472865e36?s=96&d=mm&r=g","height":96,"width":96}},"publisher":{"@type":"Organization","name":"klapp.cz","logo":{"@type":"ImageObject","@id":"\/logo.png","url":"\/logo.png","width":600,"height":60}},"image":null,"wordCount":197,"keywords":null},{"@type":"Article","@id":"https:\/\/www.klapp.cz\/chcete-si-nakoupit-neco-noveho\/","headline":"Chcete si nakoupit n\u011bco nov\u00e9ho?","url":"https:\/\/www.klapp.cz\/chcete-si-nakoupit-neco-noveho\/","datePublished":"2025-08-03","dateModified":"2025-08-03","mainEntityOfPage":"https:\/\/www.klapp.cz\/chcete-si-nakoupit-neco-noveho\/","author":{"@type":"Person","@id":"https:\/\/www.klapp.cz\/author\/#Person","name":"","url":"https:\/\/www.klapp.cz\/author\/","identifier":1,"image":{"@type":"ImageObject","@id":"https:\/\/secure.gravatar.com\/avatar\/9478c3014fb8763e2a18691ad6bf83eff86429738afad80df8227ac472865e36?s=96&d=mm&r=g","url":"https:\/\/secure.gravatar.com\/avatar\/9478c3014fb8763e2a18691ad6bf83eff86429738afad80df8227ac472865e36?s=96&d=mm&r=g","height":96,"width":96}},"publisher":{"@type":"Organization","name":"klapp.cz","logo":{"@type":"ImageObject","@id":"\/logo.png","url":"\/logo.png","width":600,"height":60}},"image":null,"wordCount":236,"keywords":null},{"@type":"Article","@id":"https:\/\/www.klapp.cz\/reklama-diky-ktere-budete-videt\/","headline":"Reklama, d\u00edky kter\u00e9 budete vid\u011bt","url":"https:\/\/www.klapp.cz\/reklama-diky-ktere-budete-videt\/","datePublished":"2025-08-02","dateModified":"2025-08-02","mainEntityOfPage":"https:\/\/www.klapp.cz\/reklama-diky-ktere-budete-videt\/","author":{"@type":"Person","@id":"https:\/\/www.klapp.cz\/author\/#Person","name":"","url":"https:\/\/www.klapp.cz\/author\/","identifier":1,"image":{"@type":"ImageObject","@id":"https:\/\/secure.gravatar.com\/avatar\/9478c3014fb8763e2a18691ad6bf83eff86429738afad80df8227ac472865e36?s=96&d=mm&r=g","url":"https:\/\/secure.gravatar.com\/avatar\/9478c3014fb8763e2a18691ad6bf83eff86429738afad80df8227ac472865e36?s=96&d=mm&r=g","height":96,"width":96}},"publisher":{"@type":"Organization","name":"klapp.cz","logo":{"@type":"ImageObject","@id":"\/logo.png","url":"\/logo.png","width":600,"height":60}},"image":{"@type":"ImageObject","@id":"https:\/\/www.klapp.cz\/wp-content\/uploads\/search-engine-optimization-ga74b57cdc_640_3.jpg","url":"https:\/\/www.klapp.cz\/wp-content\/uploads\/search-engine-optimization-ga74b57cdc_640_3.jpg","height":0,"width":0},"wordCount":557,"keywords":null},{"@type":"Article","@id":"https:\/\/www.klapp.cz\/vybavte-se-kvalitni-kosmetikou\/","headline":"Vybavte se kvalitn\u00ed kosmetikou","url":"https:\/\/www.klapp.cz\/vybavte-se-kvalitni-kosmetikou\/","datePublished":"2025-07-27","dateModified":"2025-07-27","mainEntityOfPage":"https:\/\/www.klapp.cz\/vybavte-se-kvalitni-kosmetikou\/","author":{"@type":"Person","@id":"https:\/\/www.klapp.cz\/author\/#Person","name":"","url":"https:\/\/www.klapp.cz\/author\/","identifier":1,"image":{"@type":"ImageObject","@id":"https:\/\/secure.gravatar.com\/avatar\/9478c3014fb8763e2a18691ad6bf83eff86429738afad80df8227ac472865e36?s=96&d=mm&r=g","url":"https:\/\/secure.gravatar.com\/avatar\/9478c3014fb8763e2a18691ad6bf83eff86429738afad80df8227ac472865e36?s=96&d=mm&r=g","height":96,"width":96}},"publisher":{"@type":"Organization","name":"klapp.cz","logo":{"@type":"ImageObject","@id":"\/logo.png","url":"\/logo.png","width":600,"height":60}},"image":null,"wordCount":229,"keywords":null},{"@type":"Article","@id":"https:\/\/www.klapp.cz\/modni-doplnky-jsou-urceny-pro-kazdou-zenu\/","headline":"M\u00f3dn\u00ed dopl\u0148ky jsou ur\u010deny pro ka\u017edou \u017eenu","url":"https:\/\/www.klapp.cz\/modni-doplnky-jsou-urceny-pro-kazdou-zenu\/","datePublished":"2025-07-20","dateModified":"2025-07-20","mainEntityOfPage":"https:\/\/www.klapp.cz\/modni-doplnky-jsou-urceny-pro-kazdou-zenu\/","author":{"@type":"Person","@id":"https:\/\/www.klapp.cz\/author\/#Person","name":"","url":"https:\/\/www.klapp.cz\/author\/","identifier":1,"image":{"@type":"ImageObject","@id":"https:\/\/secure.gravatar.com\/avatar\/9478c3014fb8763e2a18691ad6bf83eff86429738afad80df8227ac472865e36?s=96&d=mm&r=g","url":"https:\/\/secure.gravatar.com\/avatar\/9478c3014fb8763e2a18691ad6bf83eff86429738afad80df8227ac472865e36?s=96&d=mm&r=g","height":96,"width":96}},"publisher":{"@type":"Organization","name":"klapp.cz","logo":{"@type":"ImageObject","@id":"\/logo.png","url":"\/logo.png","width":600,"height":60}},"image":null,"wordCount":214,"keywords":null},{"@type":"Article","@id":"https:\/\/www.klapp.cz\/moderni-doba-v-podnikani\/","headline":"Modern\u00ed doba v podnik\u00e1n\u00ed","url":"https:\/\/www.klapp.cz\/moderni-doba-v-podnikani\/","datePublished":"2025-07-15","dateModified":"2025-07-15","mainEntityOfPage":"https:\/\/www.klapp.cz\/moderni-doba-v-podnikani\/","author":{"@type":"Person","@id":"https:\/\/www.klapp.cz\/author\/#Person","name":"","url":"https:\/\/www.klapp.cz\/author\/","identifier":1,"image":{"@type":"ImageObject","@id":"https:\/\/secure.gravatar.com\/avatar\/9478c3014fb8763e2a18691ad6bf83eff86429738afad80df8227ac472865e36?s=96&d=mm&r=g","url":"https:\/\/secure.gravatar.com\/avatar\/9478c3014fb8763e2a18691ad6bf83eff86429738afad80df8227ac472865e36?s=96&d=mm&r=g","height":96,"width":96}},"publisher":{"@type":"Organization","name":"klapp.cz","logo":{"@type":"ImageObject","@id":"\/logo.png","url":"\/logo.png","width":600,"height":60}},"image":null,"wordCount":223,"keywords":null}]},{"@context":"https:\/\/schema.org","@type":"WebSite","@id":"https:\/\/www.klapp.cz\/#website","name":"Klapp","url":"https:\/\/www.klapp.cz","potentialAction":{"@type":"SearchAction","target":"https:\/\/www.klapp.cz\/?s={search_term_string}","query-input":"required name=search_term_string"}}]