[{"@context":"https:\/\/schema.org\/","@type":"Blog","@id":"https:\/\/www.klapp.cz#Blog","headline":"Klapp","description":"\nZeptejte se kohokoliv, nechal-li se n\u011bkdy na internetu n\u011bk\u00fdm nap\u00e1lit. I kdy\u017e odpov\u00ed, \u017ee ano, zaru\u010den\u011b v\u00e1m ne\u0159ekne, \u017ee by se mu to stalo tady na na\u0161em webu.","url":"https:\/\/www.klapp.cz","hasPart":[{"@type":"Article","@id":"https:\/\/www.klapp.cz\/ridte-jako-jako-opravdovy-profesional\/","headline":"\u0158i\u010fte jako jako opravdov\u00fd profesion\u00e1l","url":"https:\/\/www.klapp.cz\/ridte-jako-jako-opravdovy-profesional\/","datePublished":"2020-09-08","dateModified":"2023-05-26","mainEntityOfPage":"https:\/\/www.klapp.cz\/ridte-jako-jako-opravdovy-profesional\/","author":{"@type":"Person","@id":"https:\/\/www.klapp.cz\/author\/#Person","name":"","url":"https:\/\/www.klapp.cz\/author\/","identifier":1,"image":{"@type":"ImageObject","@id":"https:\/\/secure.gravatar.com\/avatar\/9478c3014fb8763e2a18691ad6bf83eff86429738afad80df8227ac472865e36?s=96&d=mm&r=g","url":"https:\/\/secure.gravatar.com\/avatar\/9478c3014fb8763e2a18691ad6bf83eff86429738afad80df8227ac472865e36?s=96&d=mm&r=g","height":96,"width":96}},"publisher":{"@type":"Organization","name":"klapp.cz","logo":{"@type":"ImageObject","@id":"\/logo.png","url":"\/logo.png","width":600,"height":60}},"image":{"@type":"ImageObject","@id":"https:\/\/www.klapp.cz\/wp-content\/uploads\/asphalt-1851281_1280.jpg","url":"https:\/\/www.klapp.cz\/wp-content\/uploads\/asphalt-1851281_1280.jpg","height":0,"width":0},"wordCount":621,"keywords":null},{"@type":"Article","@id":"https:\/\/www.klapp.cz\/pravidla-hypoteky-kdy-vam-banky-pujci-a-za-jakych-podminek\/","headline":"Pravidla hypot\u00e9ky: Kdy v\u00e1m banky p\u016fj\u010d\u00ed a za jak\u00fdch podm\u00ednek?","url":"https:\/\/www.klapp.cz\/pravidla-hypoteky-kdy-vam-banky-pujci-a-za-jakych-podminek\/","datePublished":"2020-07-20","dateModified":"2023-05-26","mainEntityOfPage":"https:\/\/www.klapp.cz\/pravidla-hypoteky-kdy-vam-banky-pujci-a-za-jakych-podminek\/","author":{"@type":"Person","@id":"https:\/\/www.klapp.cz\/author\/#Person","name":"","url":"https:\/\/www.klapp.cz\/author\/","identifier":1,"image":{"@type":"ImageObject","@id":"https:\/\/secure.gravatar.com\/avatar\/9478c3014fb8763e2a18691ad6bf83eff86429738afad80df8227ac472865e36?s=96&d=mm&r=g","url":"https:\/\/secure.gravatar.com\/avatar\/9478c3014fb8763e2a18691ad6bf83eff86429738afad80df8227ac472865e36?s=96&d=mm&r=g","height":96,"width":96}},"publisher":{"@type":"Organization","name":"klapp.cz","logo":{"@type":"ImageObject","@id":"\/logo.png","url":"\/logo.png","width":600,"height":60}},"image":{"@type":"ImageObject","@id":"https:\/\/www.klapp.cz\/wp-content\/uploads\/art385790_3x2_20260815_151331_NXnLwQ.jpg","url":"https:\/\/www.klapp.cz\/wp-content\/uploads\/art385790_3x2_20260815_151331_NXnLwQ.jpg","height":0,"width":0},"wordCount":604,"keywords":null},{"@type":"Article","@id":"https:\/\/www.klapp.cz\/ktera-pujcka-pomuze\/","headline":"Kter\u00e1 p\u016fj\u010dka pom\u016f\u017ee?","url":"https:\/\/www.klapp.cz\/ktera-pujcka-pomuze\/","datePublished":"2020-07-19","dateModified":"2023-05-26","mainEntityOfPage":"https:\/\/www.klapp.cz\/ktera-pujcka-pomuze\/","author":{"@type":"Person","@id":"https:\/\/www.klapp.cz\/author\/#Person","name":"","url":"https:\/\/www.klapp.cz\/author\/","identifier":1,"image":{"@type":"ImageObject","@id":"https:\/\/secure.gravatar.com\/avatar\/9478c3014fb8763e2a18691ad6bf83eff86429738afad80df8227ac472865e36?s=96&d=mm&r=g","url":"https:\/\/secure.gravatar.com\/avatar\/9478c3014fb8763e2a18691ad6bf83eff86429738afad80df8227ac472865e36?s=96&d=mm&r=g","height":96,"width":96}},"publisher":{"@type":"Organization","name":"klapp.cz","logo":{"@type":"ImageObject","@id":"\/logo.png","url":"\/logo.png","width":600,"height":60}},"image":{"@type":"ImageObject","@id":"https:\/\/www.klapp.cz\/wp-content\/uploads\/art385711_1x1_20260815_225857_ZPAeNd.jpg","url":"https:\/\/www.klapp.cz\/wp-content\/uploads\/art385711_1x1_20260815_225857_ZPAeNd.jpg","height":0,"width":0},"wordCount":605,"keywords":null},{"@type":"Article","@id":"https:\/\/www.klapp.cz\/pujcky-a-uvery-pro-kazdeho-podnikatele\/","headline":"P\u016fj\u010dky a \u00fav\u011bry pro ka\u017ed\u00e9ho podnikatele","url":"https:\/\/www.klapp.cz\/pujcky-a-uvery-pro-kazdeho-podnikatele\/","datePublished":"2020-07-19","dateModified":"2020-07-19","mainEntityOfPage":"https:\/\/www.klapp.cz\/pujcky-a-uvery-pro-kazdeho-podnikatele\/","author":{"@type":"Person","@id":"https:\/\/www.klapp.cz\/author\/#Person","name":"","url":"https:\/\/www.klapp.cz\/author\/","identifier":1,"image":{"@type":"ImageObject","@id":"https:\/\/secure.gravatar.com\/avatar\/9478c3014fb8763e2a18691ad6bf83eff86429738afad80df8227ac472865e36?s=96&d=mm&r=g","url":"https:\/\/secure.gravatar.com\/avatar\/9478c3014fb8763e2a18691ad6bf83eff86429738afad80df8227ac472865e36?s=96&d=mm&r=g","height":96,"width":96}},"publisher":{"@type":"Organization","name":"klapp.cz","logo":{"@type":"ImageObject","@id":"\/logo.png","url":"\/logo.png","width":600,"height":60}},"image":{"@type":"ImageObject","@id":"https:\/\/www.klapp.cz\/wp-content\/uploads\/art385632_1x1_20260815_194507_CPu4kH.jpg","url":"https:\/\/www.klapp.cz\/wp-content\/uploads\/art385632_1x1_20260815_194507_CPu4kH.jpg","height":0,"width":0},"wordCount":636,"keywords":null},{"@type":"Article","@id":"https:\/\/www.klapp.cz\/nejvetsi-myty-a-omyly-o-sacharidech\/","headline":"Nejv\u011bt\u0161\u00ed m\u00fdty a omyly o sacharidech","url":"https:\/\/www.klapp.cz\/nejvetsi-myty-a-omyly-o-sacharidech\/","datePublished":"2020-07-12","dateModified":"2023-11-15","mainEntityOfPage":"https:\/\/www.klapp.cz\/nejvetsi-myty-a-omyly-o-sacharidech\/","author":{"@type":"Person","@id":"https:\/\/www.klapp.cz\/author\/#Person","name":"","url":"https:\/\/www.klapp.cz\/author\/","identifier":1,"image":{"@type":"ImageObject","@id":"https:\/\/secure.gravatar.com\/avatar\/9478c3014fb8763e2a18691ad6bf83eff86429738afad80df8227ac472865e36?s=96&d=mm&r=g","url":"https:\/\/secure.gravatar.com\/avatar\/9478c3014fb8763e2a18691ad6bf83eff86429738afad80df8227ac472865e36?s=96&d=mm&r=g","height":96,"width":96}},"publisher":{"@type":"Organization","name":"klapp.cz","logo":{"@type":"ImageObject","@id":"\/logo.png","url":"\/logo.png","width":600,"height":60}},"image":{"@type":"ImageObject","@id":"https:\/\/www.klapp.cz\/wp-content\/uploads\/nakr%C3%A1jen%C3%BD%20chl%C3%A9b.jpg","url":"https:\/\/www.klapp.cz\/wp-content\/uploads\/nakr%C3%A1jen%C3%BD%20chl%C3%A9b.jpg","height":0,"width":0},"wordCount":714,"keywords":null},{"@type":"Article","@id":"https:\/\/www.klapp.cz\/krabice-na-vino\/","headline":"Krabice na v\u00edno","url":"https:\/\/www.klapp.cz\/krabice-na-vino\/","datePublished":"2020-07-12","dateModified":"2023-05-26","mainEntityOfPage":"https:\/\/www.klapp.cz\/krabice-na-vino\/","author":{"@type":"Person","@id":"https:\/\/www.klapp.cz\/author\/#Person","name":"","url":"https:\/\/www.klapp.cz\/author\/","identifier":1,"image":{"@type":"ImageObject","@id":"https:\/\/secure.gravatar.com\/avatar\/9478c3014fb8763e2a18691ad6bf83eff86429738afad80df8227ac472865e36?s=96&d=mm&r=g","url":"https:\/\/secure.gravatar.com\/avatar\/9478c3014fb8763e2a18691ad6bf83eff86429738afad80df8227ac472865e36?s=96&d=mm&r=g","height":96,"width":96}},"publisher":{"@type":"Organization","name":"klapp.cz","logo":{"@type":"ImageObject","@id":"\/logo.png","url":"\/logo.png","width":600,"height":60}},"image":{"@type":"ImageObject","@id":"https:\/\/www.klapp.cz\/wp-content\/uploads\/art384161_1x1_20260816_035813_czTNFw.jpg","url":"https:\/\/www.klapp.cz\/wp-content\/uploads\/art384161_1x1_20260816_035813_czTNFw.jpg","height":0,"width":0},"wordCount":762,"keywords":null},{"@type":"Article","@id":"https:\/\/www.klapp.cz\/ozivte-starou-kuchyn-pomoci-drobnych-detailu\/","headline":"O\u017eivte starou kuchy\u0148 pomoc\u00ed drobn\u00fdch detail\u016f","url":"https:\/\/www.klapp.cz\/ozivte-starou-kuchyn-pomoci-drobnych-detailu\/","datePublished":"2020-07-12","dateModified":"2023-05-26","mainEntityOfPage":"https:\/\/www.klapp.cz\/ozivte-starou-kuchyn-pomoci-drobnych-detailu\/","author":{"@type":"Person","@id":"https:\/\/www.klapp.cz\/author\/#Person","name":"","url":"https:\/\/www.klapp.cz\/author\/","identifier":1,"image":{"@type":"ImageObject","@id":"https:\/\/secure.gravatar.com\/avatar\/9478c3014fb8763e2a18691ad6bf83eff86429738afad80df8227ac472865e36?s=96&d=mm&r=g","url":"https:\/\/secure.gravatar.com\/avatar\/9478c3014fb8763e2a18691ad6bf83eff86429738afad80df8227ac472865e36?s=96&d=mm&r=g","height":96,"width":96}},"publisher":{"@type":"Organization","name":"klapp.cz","logo":{"@type":"ImageObject","@id":"\/logo.png","url":"\/logo.png","width":600,"height":60}},"image":{"@type":"ImageObject","@id":"https:\/\/www.klapp.cz\/wp-content\/uploads\/Kuchyn%C4%9B%20origin%C3%A1ln%C3%AD%20tapeta.jpg","url":"https:\/\/www.klapp.cz\/wp-content\/uploads\/Kuchyn%C4%9B%20origin%C3%A1ln%C3%AD%20tapeta.jpg","height":0,"width":0},"wordCount":554,"keywords":null},{"@type":"Article","@id":"https:\/\/www.klapp.cz\/jak-spravne-pecovat-o-zuby\/","headline":"Jak spr\u00e1vn\u011b pe\u010dovat o zuby?","url":"https:\/\/www.klapp.cz\/jak-spravne-pecovat-o-zuby\/","datePublished":"2020-06-20","dateModified":"2023-05-26","mainEntityOfPage":"https:\/\/www.klapp.cz\/jak-spravne-pecovat-o-zuby\/","author":{"@type":"Person","@id":"https:\/\/www.klapp.cz\/author\/#Person","name":"","url":"https:\/\/www.klapp.cz\/author\/","identifier":1,"image":{"@type":"ImageObject","@id":"https:\/\/secure.gravatar.com\/avatar\/9478c3014fb8763e2a18691ad6bf83eff86429738afad80df8227ac472865e36?s=96&d=mm&r=g","url":"https:\/\/secure.gravatar.com\/avatar\/9478c3014fb8763e2a18691ad6bf83eff86429738afad80df8227ac472865e36?s=96&d=mm&r=g","height":96,"width":96}},"publisher":{"@type":"Organization","name":"klapp.cz","logo":{"@type":"ImageObject","@id":"\/logo.png","url":"\/logo.png","width":600,"height":60}},"image":{"@type":"ImageObject","@id":"https:\/\/www.klapp.cz\/wp-content\/uploads\/zubn%C3%AD%20p%C3%A9%C4%8De.jpg","url":"https:\/\/www.klapp.cz\/wp-content\/uploads\/zubn%C3%AD%20p%C3%A9%C4%8De.jpg","height":0,"width":0},"wordCount":677,"keywords":null},{"@type":"Article","@id":"https:\/\/www.klapp.cz\/penize-jako-pomocnik\/","headline":"Pen\u00edze jako pomocn\u00edk","url":"https:\/\/www.klapp.cz\/penize-jako-pomocnik\/","datePublished":"2020-04-19","dateModified":"2023-05-26","mainEntityOfPage":"https:\/\/www.klapp.cz\/penize-jako-pomocnik\/","author":{"@type":"Person","@id":"https:\/\/www.klapp.cz\/author\/#Person","name":"","url":"https:\/\/www.klapp.cz\/author\/","identifier":1,"image":{"@type":"ImageObject","@id":"https:\/\/secure.gravatar.com\/avatar\/9478c3014fb8763e2a18691ad6bf83eff86429738afad80df8227ac472865e36?s=96&d=mm&r=g","url":"https:\/\/secure.gravatar.com\/avatar\/9478c3014fb8763e2a18691ad6bf83eff86429738afad80df8227ac472865e36?s=96&d=mm&r=g","height":96,"width":96}},"publisher":{"@type":"Organization","name":"klapp.cz","logo":{"@type":"ImageObject","@id":"\/logo.png","url":"\/logo.png","width":600,"height":60}},"image":{"@type":"ImageObject","@id":"https:\/\/www.klapp.cz\/wp-content\/uploads\/art378615_3x2_20260821_202309_lHX3Fo.jpg","url":"https:\/\/www.klapp.cz\/wp-content\/uploads\/art378615_3x2_20260821_202309_lHX3Fo.jpg","height":0,"width":0},"wordCount":609,"keywords":null},{"@type":"Article","@id":"https:\/\/www.klapp.cz\/necekana-zavada\/","headline":"Ne\u010dekan\u00e1 z\u00e1vada","url":"https:\/\/www.klapp.cz\/necekana-zavada\/","datePublished":"2020-04-13","dateModified":"2023-05-26","mainEntityOfPage":"https:\/\/www.klapp.cz\/necekana-zavada\/","author":{"@type":"Person","@id":"https:\/\/www.klapp.cz\/author\/#Person","name":"","url":"https:\/\/www.klapp.cz\/author\/","identifier":1,"image":{"@type":"ImageObject","@id":"https:\/\/secure.gravatar.com\/avatar\/9478c3014fb8763e2a18691ad6bf83eff86429738afad80df8227ac472865e36?s=96&d=mm&r=g","url":"https:\/\/secure.gravatar.com\/avatar\/9478c3014fb8763e2a18691ad6bf83eff86429738afad80df8227ac472865e36?s=96&d=mm&r=g","height":96,"width":96}},"publisher":{"@type":"Organization","name":"klapp.cz","logo":{"@type":"ImageObject","@id":"\/logo.png","url":"\/logo.png","width":600,"height":60}},"image":{"@type":"ImageObject","@id":"https:\/\/www.klapp.cz\/wp-content\/uploads\/Kl%C3%A1vesnice%20notebooku.jpg","url":"https:\/\/www.klapp.cz\/wp-content\/uploads\/Kl%C3%A1vesnice%20notebooku.jpg","height":0,"width":0},"wordCount":729,"keywords":null}]},{"@context":"https:\/\/schema.org","@type":"WebSite","@id":"https:\/\/www.klapp.cz\/#website","name":"Klapp","url":"https:\/\/www.klapp.cz","potentialAction":{"@type":"SearchAction","target":"https:\/\/www.klapp.cz\/?s={search_term_string}","query-input":"required name=search_term_string"}}]