[{"@context":"https:\/\/schema.org\/","@type":"Article","@id":"https:\/\/www.klapp.cz\/objednejte-si-z-naseho-sirokeho-sortimentu\/#Article","mainEntityOfPage":"https:\/\/www.klapp.cz\/objednejte-si-z-naseho-sirokeho-sortimentu\/","headline":"Objednejte si z na\u0161eho \u0161irok\u00e9ho sortimentu","name":"Objednejte si z na\u0161eho \u0161irok\u00e9ho sortimentu","description":"M\u00e1te v pl\u00e1nu si roz\u0161\u00ed\u0159it sv\u016fj \u0161atn\u00edk? Budeme r\u00e1di, kdy\u017e se obr\u00e1t\u00edte na n\u00e1s. P\u0159ipravili jsme pro na\u0161e mu\u017ee i \u017eeny kvalitn\u00ed, pestrou a bohatou &hellip; ","datePublished":"2024-01-29","dateModified":"2024-01-29","author":{"@type":"Person","@id":"https:\/\/www.klapp.cz\/author\/#Person","name":"","url":"https:\/\/www.klapp.cz\/author\/","identifier":1,"image":{"@type":"ImageObject","@id":"https:\/\/secure.gravatar.com\/avatar\/9478c3014fb8763e2a18691ad6bf83eff86429738afad80df8227ac472865e36?s=96&d=mm&r=g","url":"https:\/\/secure.gravatar.com\/avatar\/9478c3014fb8763e2a18691ad6bf83eff86429738afad80df8227ac472865e36?s=96&d=mm&r=g","height":96,"width":96}},"publisher":{"@type":"Organization","name":"klapp.cz","logo":{"@type":"ImageObject","@id":"\/logo.png","url":"\/logo.png","width":600,"height":60}},"url":"https:\/\/www.klapp.cz\/objednejte-si-z-naseho-sirokeho-sortimentu\/","wordCount":201,"articleBody":"M\u00e1te v pl\u00e1nu si roz\u0161\u00ed\u0159it sv\u016fj \u0161atn\u00edk? Budeme r\u00e1di, kdy\u017e se obr\u00e1t\u00edte na n\u00e1s. P\u0159ipravili jsme pro na\u0161e mu\u017ee i \u017eeny kvalitn\u00ed, pestrou a bohatou nab\u00eddku textiln\u00edho zbo\u017e\u00ed. Chcete ho m\u00edt i vy? Je u n\u00e1s k dost\u00e1n\u00ed. Sta\u010d\u00ed p\u0159ij\u00edt a zvolit si nap\u0159\u00edklad na\u0161e d\u00e1msk\u00e9 oble\u010den\u00ed. U\u017e jste se pro n\u011bjak\u00e9 rozhodli? Zvolte si je a my v\u00e1m ho dod\u00e1me. Na\u0161e v\u00fdrobky jsou tady pro v\u00e1s.Elegantn\u00ed m\u00f3da je ur\u010dena p\u0159edev\u0161\u00edm do spole\u010dnostiChyb\u00ed v\u00e1m spole\u010densk\u00e9 \u0161aty? P\u0159ij\u010fte si je k n\u00e1m vybrat. U n\u00e1s jsou k m\u00e1n\u00ed ve v\u0161ech velikostech, v nejr\u016fzn\u011bj\u0161\u00edch st\u0159iz\u00edch. A\u017e je uvid\u00edte, neodol\u00e1te a zakoup\u00edte je. Dostanete je za v\u00fdhodn\u00fdch cenov\u00fdch podm\u00ednek. Vedle nich nab\u00edz\u00edme i dal\u0161\u00ed d\u00e1msk\u00e9 oble\u010den\u00ed jako jsou kalhoty, leginy, mikiny, svetry, vesty, kab\u00e1ty, bundy a dal\u0161\u00ed. V p\u0159\u00edpad\u011b va\u0161eho z\u00e1jmu se na n\u00e1s kdykoliv obra\u0165te.                                                                                                                                                                                                                                                                                                                                                                                        4\/5 - (7 votes)        "},{"@context":"https:\/\/schema.org\/","@type":"BreadcrumbList","itemListElement":[{"@type":"ListItem","position":1,"name":"Objednejte si z na\u0161eho \u0161irok\u00e9ho sortimentu","item":"https:\/\/www.klapp.cz\/objednejte-si-z-naseho-sirokeho-sortimentu\/#breadcrumbitem"}]}]